{"id":357,"date":"2021-11-30T08:51:29","date_gmt":"2021-11-30T08:51:29","guid":{"rendered":"https:\/\/szitakoto.csucshegymenedek.hu\/?p=357"},"modified":"2022-01-23T16:16:33","modified_gmt":"2022-01-23T16:16:33","slug":"berg-daniel-tamogat-minket","status":"publish","type":"post","link":"https:\/\/csucshegymenedek.hu\/index.php\/2021\/11\/30\/berg-daniel-tamogat-minket\/","title":{"rendered":"Berg D\u00e1niel k\u00f6zbenj\u00e1rt az \u00e9rdek\u00fcnkben"},"content":{"rendered":"\n<p>A Momentum orsz\u00e1ggy\u0171l\u00e9si k\u00e9pvisel\u0151 jel\u00f6ltj\u00e9nek egyik facebook <a href=\"https:\/\/www.facebook.com\/permalink.php?story_fbid=3508866319182147&amp;id=1414914711910662\">bejegyz\u00e9se <\/a>r\u00f3lunk:<\/p>\n\n\n\n<figure class=\"wp-block-pullquote\"><blockquote><p>KI K\u00c9PVISELI A CS\u00daCSHEGYIEKET?<\/p><p>Ma \u00c9szak-Buda egyik legszebb v\u00e1rosr\u00e9sz\u00e9ben, a III. ker\u00fcleti Cs\u00facshegyen j\u00e1rtam, Cseh Katalin \u00e9s k\u00e9t kutyusunk t\u00e1rsas\u00e1g\u00e1ban. Gy\u00f6ngy\u00f6r\u0171 panor\u00e1ma ny\u00edlik innen \u00d3bud\u00e1ra, t\u00f6bb vadreg\u00e9nyes erdei t\u00fara\u00fat halad \u00e1t a ter\u00fcleten, igaz\u00e1n idilli k\u00f6rnyezet. Vagyis az lenne, ha teljesen figyelmen k\u00edv\u00fcl hagyn\u00e1nk azokat a s\u00falyos infrastruktur\u00e1lis hi\u00e1nyoss\u00e1gokat, amelyekr\u0151l egy helyi lakosokb\u00f3l \u00e9s \u00e9rdekv\u00e9d\u0151kb\u0151l \u00e1ll\u00f3 csoport sz\u00e1molt be nek\u00fcnk.<\/p><p>Egy hossz\u00fa \u00e9veken, \u00e9vtizedeken \u00e1t h\u00faz\u00f3d\u00f3 b\u00fcrokratikus huzavona miatt ugyanis a Cs\u00facshegyen hi\u00e1nyoznak a norm\u00e1lis emberi \u00e9let alapfelt\u00e9telei. A budai hegyvid\u00e9ken, az \u00c1rp\u00e1d h\u00eddt\u00f3l f\u00e9l \u00f3r\u00e1ra nincs v\u00edz, nincs g\u00e1z, nincs ki\u00e9p\u00edtett csatornarendszer. A helyiek mes\u00e9ltek arr\u00f3l, hogy nem egy k\u00f6rny\u00e9kbeli h\u00e1z \u00e9gett porig az\u00e9rt, mert a t\u0171zolt\u00f3k nem tudtak honnan el\u00e9g vizet hozni id\u0151ben az olt\u00e1shoz. Az utak burkolatlanok, ment\u0151, rend\u0151r, vagy t\u0171zolt\u00f3aut\u00f3 nehezen k\u00f6zlekedik. Es\u0151s id\u0151szakban mindent el\u00f6nt a s\u00e1rtenger.<\/p><p>Sorolhatn\u00e1m m\u00e9g, de a l\u00e9nyeg az, hogy k\u00f6zel ezer csal\u00e1d hossz\u00fa ideje k\u00e9nytelen egy XXI. sz\u00e1zadi eur\u00f3pai orsz\u00e1ghoz teljesen m\u00e9ltatlan k\u00f6r\u00fclm\u00e9nyek k\u00f6z\u00f6tt \u00e9lni, az eg\u00e9szs\u00e9ges emberi \u00e9lethez elengedhetetlen minimumok n\u00e9lk\u00fcl. Minderre er\u0151s kontraszt az \u00fat m\u00e1sik oldal\u00e1n ki\u00e9p\u00fcl\u0151 Hars\u00e1nylejt\u0151 lak\u00f3park, rendezett kis utacsk\u00e1ival, feh\u00e9r h\u00e1zik\u00f3ival. A Cs\u00facshegy val\u00f3ban a t\u00e9rs\u00e9g kis z\u00f6ld \u00e9kszerdoboza, egyfajta mintatelep\u00fcl\u00e9s lehetne. Ehelyett sok helyen mondhatni harmadikvil\u00e1gbeli k\u00f6r\u00fclm\u00e9nyek uralkodnak, itt, a f\u0151v\u00e1rosban.<\/p><p>Ki k\u00e9pviseli a cs\u00facshegyieket? \u0150k is tisztess\u00e9ges, az ad\u00f3jukat fizet\u0151, a t\u00f6rv\u00e9nyeket betartani k\u00edv\u00e1n\u00f3 budai polg\u00e1rok. A jogi senkif\u00f6ldje, ahol egyszer csak tal\u00e1lt\u00e1k magukat, t\u00f6bb t\u00edzmilli\u00f3s k\u00e1rokat okozott \u00e9s okoz nekik. Mi\u00e9rt lettek t\u00f6bbsz\u00f6r megvezetve, hitegetve, elfelejtve az elm\u00falt \u00e9vek sor\u00e1n? \u00c9s a legfontosabb k\u00e9rd\u00e9s: hogy fog mindez megv\u00e1ltozni, \u00e9s milyen gyorsan?<\/p><p>\u00c1ltal\u00e1ban megfontolt, higgadt embernek tartom magam. Igyekszem alaposan k\u00f6rbej\u00e1rni egy \u00fcgyet, miel\u0151tt \u00e1ll\u00e1spontot foglalok. T\u00fczetesen el fogom olvasni a h\u00e1tt\u00e9ranyagokat \u00e9s dokumentumokat, amelyeket k\u00fcldenek nekem, \u00e9s ut\u00e1na fogok j\u00e1rni a lehets\u00e9ges megold\u00e1soknak. Mert meggy\u0151z\u0151d\u00e9sem, hogy err\u0151l sz\u00f3l egy egy\u00e9ni k\u00e9pvisel\u0151 munk\u00e1ja: a helyiek \u00e9rdekeinek k\u00e9pviselet\u00e9r\u0151l, azok \u00e9rv\u00e9nyes\u00edt\u00e9s\u00e9r\u0151l.<\/p><p>De bevallom, nagyon is megr\u00e1ztak, s\u0151t, feld\u00fch\u00edtettek a mai besz\u00e9lget\u00e9seim a Cs\u00facshegyen. A cs\u00facshegyiek \u00e1ldatlan \u00e1llapota m\u00e9ltatlan, igazs\u00e1gtalan, \u00e9s embertelen. Sok \u00e9ven \u00e1t mindenki f\u0171t-f\u00e1t meg\u00edg\u00e9rt ennek a k\u00f6z\u00f6ss\u00e9gnek, de a v\u00e9g\u00e9n mindig valahogy elfeledkeztek r\u00f3luk. \u00c9n nem szeretn\u00e9k be\u00e1llni az \u00edg\u00e9rget\u0151k \u00fajabb sor\u00e1ba azel\u0151tt, hogy alaposan ut\u00e1naj\u00e1rtam volna a k\u00e9rd\u00e9snek, a helyzet els\u0151 \u00e1ttekint\u00e9sre is bonyolultnak t\u0171nik. Abban viszont biztos vagyok, hogy szeretn\u00e9m felsz\u00e1molni ezt a m\u00e9ltatlan helyzetet, mert a cs\u00facshegyiek jobbat \u00e9rdemelnek. Nem csak budai polg\u00e1rk\u00e9nt, hanem emberk\u00e9nt is.<\/p><\/blockquote><\/figure>\n\n\n\n<p><\/p>\n\n\n\n<p>K\u00f6zbenj\u00e1rt \u00e9rt\u00fcnk a korm\u00e1nyn\u00e1l:<\/p>\n\n\n\n<figure class=\"wp-block-image size-full\"><img loading=\"lazy\" width=\"529\" height=\"748\" src=\"https:\/\/szitakoto.csucshegymenedek.hu\/wp-content\/uploads\/2021\/11\/VargaM-nek1.png\" alt=\"\" class=\"wp-image-596\" srcset=\"https:\/\/csucshegymenedek.hu\/wp-content\/uploads\/2021\/11\/VargaM-nek1.png 529w, https:\/\/csucshegymenedek.hu\/wp-content\/uploads\/2021\/11\/VargaM-nek1-212x300.png 212w\" sizes=\"(max-width: 529px) 100vw, 529px\" \/><\/figure>\n\n\n\n<figure class=\"wp-block-image size-full\"><img loading=\"lazy\" width=\"528\" height=\"748\" src=\"https:\/\/szitakoto.csucshegymenedek.hu\/wp-content\/uploads\/2021\/11\/VargaM-nek2.png\" alt=\"\" class=\"wp-image-597\" srcset=\"https:\/\/csucshegymenedek.hu\/wp-content\/uploads\/2021\/11\/VargaM-nek2.png 528w, https:\/\/csucshegymenedek.hu\/wp-content\/uploads\/2021\/11\/VargaM-nek2-212x300.png 212w\" sizes=\"(max-width: 528px) 100vw, 528px\" \/><\/figure>\n\n\n\n<hr class=\"wp-block-separator\"\/>\n\n\n\n<p><strong>Tov\u00e1bbi t\u00e1mogat\u00f3ink<\/strong><\/p>\n\n\n<ul class=\"display-posts-listing\"><li class=\"listing-item\"><a class=\"title\" href=\"https:\/\/csucshegymenedek.hu\/index.php\/2022\/01\/23\/teruletfejlesztes\/\">Ter\u00fcletfejleszt\u00e9s<\/a> <span class=\"excerpt-dash\">-<\/span> <span class=\"excerpt\">Ismerd meg a v\u00e1rosr\u00e9sz\u00fcnkre vonatkoz\u00f3 Telep\u00fcl\u00e9srendez\u00e9si Javaslatot, melyet az \u00f6nkorm\u00e1nyzat \u00e1ltal megb\u00edzott tervez\u0151 iroda a F\u0151v\u00e1rosi V\u00edzm\u0171vekkel egyeztetve k\u00e9sz\u00edtett: Akik t\u00e1mogatnak minket a legk\u00fcl\u00f6nf\u00e9l\u00e9bb p\u00e1rtokb\u00f3l: Legyen \u00e9rtelme a rendezhet\u0151s\u00e9g\u00fcnk \u00e9rdek\u00e9ben bevezetett jogkorl\u00e1toz\u00e1soknak, amik rendez\u00e9s n\u00e9lk\u00fcl csak sanyargatnak minket! J\u00f3l&nbsp;szeml\u00e9lteti&nbsp;a helyzet\u00fcnket az \u00f6nkorm\u00e1nyzat egy kor\u00e1bbi meg\u00e1llap\u00edt\u00e1sa: &#8220;Ezek a ter\u00fcletek spont\u00e1n m\u00f3don fejl\u0151dnek, a t\u00f6bb \u00e9ves korl\u00e1toz\u00e1s [&hellip;]<\/span><\/li><li class=\"listing-item\"><a class=\"image\" href=\"https:\/\/csucshegymenedek.hu\/index.php\/2021\/12\/06\/a-magyarorszagi-ivovizhelyzettel-kapcsolatos-allaspontok\/\"><img width=\"150\" height=\"150\" src=\"https:\/\/csucshegymenedek.hu\/wp-content\/uploads\/2021\/12\/DobrevZold-150x150.jpg\" class=\"attachment-thumbnail size-thumbnail wp-post-image\" alt=\"\" loading=\"lazy\" \/><\/a> <a class=\"title\" href=\"https:\/\/csucshegymenedek.hu\/index.php\/2021\/12\/06\/a-magyarorszagi-ivovizhelyzettel-kapcsolatos-allaspontok\/\">Dobrev Kl\u00e1ra: alanyi jogon j\u00e1rjon a l\u00e9tfenntart\u00e1si \u00e9s k\u00f6zeg\u00e9szs\u00e9g\u00fcgyi v\u00edzig\u00e9nyt kiel\u00e9g\u00edt\u0151 v\u00edzmennyis\u00e9g<\/a> <span class=\"excerpt-dash\">-<\/span> <span class=\"excerpt\">Dobrev Kl\u00e1ra a 2021-es el\u0151v\u00e1laszt\u00e1si z\u00f6ld vit\u00e1ban a k\u00f6vetkez\u0151ket nyilatkozta az iv\u00f3v\u00edzhez jut\u00e1s fontoss\u00e1g\u00e1r\u00f3l:<\/span><\/li><li class=\"listing-item\"><a class=\"image\" href=\"https:\/\/csucshegymenedek.hu\/index.php\/2021\/12\/06\/tarlos-istvan-elhozta-a-nekunk-szant-vizkapacitast-a-varosresz-hatarara\/\"><img width=\"150\" height=\"150\" src=\"https:\/\/csucshegymenedek.hu\/wp-content\/uploads\/2021\/12\/96276_tarlos_istvan-150x150.jpg\" class=\"attachment-thumbnail size-thumbnail wp-post-image\" alt=\"\" loading=\"lazy\" srcset=\"https:\/\/csucshegymenedek.hu\/wp-content\/uploads\/2021\/12\/96276_tarlos_istvan-150x150.jpg 150w, https:\/\/csucshegymenedek.hu\/wp-content\/uploads\/2021\/12\/96276_tarlos_istvan.jpg 200w\" sizes=\"(max-width: 150px) 100vw, 150px\" \/><\/a> <a class=\"title\" href=\"https:\/\/csucshegymenedek.hu\/index.php\/2021\/12\/06\/tarlos-istvan-elhozta-a-nekunk-szant-vizkapacitast-a-varosresz-hatarara\/\">Tarl\u00f3s Istv\u00e1n vezet\u00e9se alatt ki\u00e9p\u00fclt a nek\u00fcnk sz\u00e1nt v\u00edzkapacit\u00e1s a v\u00e1rosr\u00e9sz hat\u00e1r\u00e1n \u00e9s a csatornakapacit\u00e1sunk<\/a> <span class=\"excerpt-dash\">-<\/span> <span class=\"excerpt\">Tarl\u00f3s Istv\u00e1n 1990-2006-ig volt \u00d3buda polg\u00e1rmestere. 2002-re ki\u00e9p\u00fclt a v\u00e1rosr\u00e9sz\u00fcnknek sz\u00e1nt gy\u0171jt\u0151 csatorna kapacit\u00e1s a B\u00e9csi \u00faton, 2016-ra pedig ki\u00e9p\u00fclt a nek\u00fcnk sz\u00e1nt iv\u00f3v\u00edzkapacit\u00e1s v\u00e1rosr\u00e9sz\u00fcnk hat\u00e1r\u00e1n.<\/span><\/li><li class=\"listing-item\"><a class=\"image\" href=\"https:\/\/csucshegymenedek.hu\/index.php\/2021\/11\/30\/gor-csaba-mellettunk\/\"><img width=\"150\" height=\"150\" src=\"https:\/\/csucshegymenedek.hu\/wp-content\/uploads\/2021\/11\/GorCsaba-150x150.png\" class=\"attachment-thumbnail size-thumbnail wp-post-image\" alt=\"\" loading=\"lazy\" \/><\/a> <a class=\"title\" href=\"https:\/\/csucshegymenedek.hu\/index.php\/2021\/11\/30\/gor-csaba-mellettunk\/\">G\u00f3r Csaba mellett\u00fcnk<\/a> <span class=\"excerpt-dash\">-<\/span> <span class=\"excerpt\">\"Cs\u00facshegy v\u00e1rosr\u00e9sz fejleszt\u00e9se az egyik legfontosabb k\u00f6z\u00f6s feladatunk!\"<\/span><\/li><li class=\"listing-item\"><a class=\"image\" href=\"https:\/\/csucshegymenedek.hu\/index.php\/2021\/11\/30\/tordai-bence-parlamenti-beadvanya-vizunkert\/\"><img width=\"150\" height=\"150\" src=\"https:\/\/csucshegymenedek.hu\/wp-content\/uploads\/2021\/11\/tordaibence-e1638310357957-150x150.png\" class=\"attachment-thumbnail size-thumbnail wp-post-image\" alt=\"\" loading=\"lazy\" \/><\/a> <a class=\"title\" href=\"https:\/\/csucshegymenedek.hu\/index.php\/2021\/11\/30\/tordai-bence-parlamenti-beadvanya-vizunkert\/\">Tordai Bence parlamenti beadv\u00e1nya viz\u00fcnk\u00e9rt<\/a> <span class=\"excerpt-dash\">-<\/span> <span class=\"excerpt\">\"beny\u00fajtottam egy k\u00f6lts\u00e9gvet\u00e9sm\u00f3dos\u00edt\u00f3 ind\u00edtv\u00e1nyt a Cs\u00facshegy k\u00f6zm\u0171ves\u00edt\u00e9s\u00e9nek t\u00e1mogat\u00e1s\u00e1ra (10 milli\u00e1rd forintos \u00f6sszeggel) Ha a Fideszesek val\u00f3ban t\u00e1mogatj\u00e1k az \u00fcgyet, ezt most el\u00e9g egy\u00e9rtelm\u0171en kifejezhetik\"<\/span><\/li><li class=\"listing-item\"><a class=\"image\" href=\"https:\/\/csucshegymenedek.hu\/index.php\/2021\/11\/30\/mihalik-zoltan-benedek-marton-es-masok-a-tamogatoink-kozott\/\"><img width=\"150\" height=\"150\" src=\"https:\/\/csucshegymenedek.hu\/wp-content\/uploads\/2021\/11\/egyutt-150x150.png\" class=\"attachment-thumbnail size-thumbnail wp-post-image\" alt=\"\" loading=\"lazy\" \/><\/a> <a class=\"title\" href=\"https:\/\/csucshegymenedek.hu\/index.php\/2021\/11\/30\/mihalik-zoltan-benedek-marton-es-masok-a-tamogatoink-kozott\/\">Mihalik Zolt\u00e1n \u00e9s az Egy\u00fctt is t\u00e1mogat minket<\/a> <span class=\"excerpt-dash\">-<\/span> <span class=\"excerpt\">\"\u00c9n az\u00e9rt k\u00fczdeni fogok \u00d3bud\u00e1n, hogy erre megold\u00e1s legyen\"<\/span><\/li><li class=\"listing-item\"><a class=\"image\" href=\"https:\/\/csucshegymenedek.hu\/index.php\/2021\/11\/30\/niedermuller-peter-szerint-az-onkormanyzatnak-lepnie-kell\/\"><img width=\"150\" height=\"150\" src=\"https:\/\/csucshegymenedek.hu\/wp-content\/uploads\/2021\/11\/Niedermuller_video-150x150.png\" class=\"attachment-thumbnail size-thumbnail wp-post-image\" alt=\"\" loading=\"lazy\" \/><\/a> <a class=\"title\" href=\"https:\/\/csucshegymenedek.hu\/index.php\/2021\/11\/30\/niedermuller-peter-szerint-az-onkormanyzatnak-lepnie-kell\/\">Niederm\u00fcller P\u00e9ter szerint az \u00f6nkorm\u00e1nyzatnak meg kell oldania<\/a> <span class=\"excerpt-dash\">-<\/span> <span class=\"excerpt\">\"Nem az a megold\u00e1s, hogy az ott lak\u00f3knak kelljen viselni\u00fck a kor\u00e1bbi rossz d\u00f6nt\u00e9seknek a rossz k\u00f6vetkezm\u00e9nyeit\"<\/span><\/li><li class=\"listing-item\"><a class=\"image\" href=\"https:\/\/csucshegymenedek.hu\/index.php\/2021\/11\/30\/ungar-peter-tamogato-nyilatkozata\/\"><img width=\"150\" height=\"150\" src=\"https:\/\/csucshegymenedek.hu\/wp-content\/uploads\/2021\/11\/UngarP-150x150.png\" class=\"attachment-thumbnail size-thumbnail wp-post-image\" alt=\"\" loading=\"lazy\" \/><\/a> <a class=\"title\" href=\"https:\/\/csucshegymenedek.hu\/index.php\/2021\/11\/30\/ungar-peter-tamogato-nyilatkozata\/\">Ung\u00e1r P\u00e9ter nyilatkozata<\/a> <span class=\"excerpt-dash\">-<\/span> <span class=\"excerpt\">A hars\u00e1nylejt\u0151i beruh\u00e1z\u00e1s j\u00f3 ismer\u0151jek\u00e9nt<\/span><\/li><li class=\"listing-item\"><a class=\"image\" href=\"https:\/\/csucshegymenedek.hu\/index.php\/2021\/11\/30\/cseh-katalin-is-kint-volt-problemaink-miatt\/\"><img width=\"150\" height=\"150\" src=\"https:\/\/csucshegymenedek.hu\/wp-content\/uploads\/2021\/11\/CsehKatalin-150x150.png\" class=\"attachment-thumbnail size-thumbnail wp-post-image\" alt=\"\" loading=\"lazy\" \/><\/a> <a class=\"title\" href=\"https:\/\/csucshegymenedek.hu\/index.php\/2021\/11\/30\/cseh-katalin-is-kint-volt-problemaink-miatt\/\">Cseh Katalin is kint volt n\u00e1lunk Berg D\u00e1niellel<\/a> <span class=\"excerpt-dash\">-<\/span> <span class=\"excerpt\">Cseh Katalin az Eur\u00f3pai \u00dani\u00f3s int\u00e9zm\u00e9nyrendszer \u00fatveszt\u0151iben seg\u00edtett eligazodni<\/span><\/li><li class=\"listing-item\"><a class=\"image\" href=\"https:\/\/csucshegymenedek.hu\/index.php\/2021\/11\/30\/berg-daniel-tamogat-minket\/\"><img width=\"150\" height=\"150\" src=\"https:\/\/csucshegymenedek.hu\/wp-content\/uploads\/2021\/11\/BergDani-150x150.jpg\" class=\"attachment-thumbnail size-thumbnail wp-post-image\" alt=\"\" loading=\"lazy\" srcset=\"https:\/\/csucshegymenedek.hu\/wp-content\/uploads\/2021\/11\/BergDani-150x150.jpg 150w, https:\/\/csucshegymenedek.hu\/wp-content\/uploads\/2021\/11\/BergDani-300x300.jpg 300w, https:\/\/csucshegymenedek.hu\/wp-content\/uploads\/2021\/11\/BergDani-768x768.jpg 768w, https:\/\/csucshegymenedek.hu\/wp-content\/uploads\/2021\/11\/BergDani-676x676.jpg 676w, https:\/\/csucshegymenedek.hu\/wp-content\/uploads\/2021\/11\/BergDani.jpg 1000w\" sizes=\"(max-width: 150px) 100vw, 150px\" \/><\/a> <a class=\"title\" href=\"https:\/\/csucshegymenedek.hu\/index.php\/2021\/11\/30\/berg-daniel-tamogat-minket\/\">Berg D\u00e1niel k\u00f6zbenj\u00e1rt az \u00e9rdek\u00fcnkben<\/a> <span class=\"excerpt-dash\">-<\/span> <span class=\"excerpt\">\"A helyzet tarthatatlan, a cs\u00facshegyiek jobbat \u00e9rdemelnek\", \n\"\u0150k is tisztess\u00e9ges, az ad\u00f3jukat fizet\u0151, a t\u00f6rv\u00e9nyeket betartani k\u00edv\u00e1n\u00f3 budai polg\u00e1rok. A jogi senkif\u00f6ldje, ahol egyszer csak tal\u00e1lt\u00e1k magukat, t\u00f6bb t\u00edzmilli\u00f3s k\u00e1rokat okozott \u00e9s okoz nekik.\"<\/span><\/li><\/ul>\n","protected":false},"excerpt":{"rendered":"<p>&#8220;A helyzet tarthatatlan, a cs\u00facshegyiek jobbat \u00e9rdemelnek&#8221;,<br \/>\n&#8220;\u0150k is tisztess\u00e9ges, az ad\u00f3jukat fizet\u0151, a t\u00f6rv\u00e9nyeket betartani k\u00edv\u00e1n\u00f3 budai polg\u00e1rok. A jogi senkif\u00f6ldje, ahol egyszer csak tal\u00e1lt\u00e1k magukat, t\u00f6bb t\u00edzmilli\u00f3s k\u00e1rokat okozott \u00e9s okoz nekik.&#8221;<\/p>\n","protected":false},"author":1,"featured_media":557,"comment_status":"closed","ping_status":"closed","sticky":false,"template":"","format":"standard","meta":[],"categories":[11],"tags":[],"_links":{"self":[{"href":"https:\/\/csucshegymenedek.hu\/index.php\/wp-json\/wp\/v2\/posts\/357"}],"collection":[{"href":"https:\/\/csucshegymenedek.hu\/index.php\/wp-json\/wp\/v2\/posts"}],"about":[{"href":"https:\/\/csucshegymenedek.hu\/index.php\/wp-json\/wp\/v2\/types\/post"}],"author":[{"embeddable":true,"href":"https:\/\/csucshegymenedek.hu\/index.php\/wp-json\/wp\/v2\/users\/1"}],"replies":[{"embeddable":true,"href":"https:\/\/csucshegymenedek.hu\/index.php\/wp-json\/wp\/v2\/comments?post=357"}],"version-history":[{"count":10,"href":"https:\/\/csucshegymenedek.hu\/index.php\/wp-json\/wp\/v2\/posts\/357\/revisions"}],"predecessor-version":[{"id":745,"href":"https:\/\/csucshegymenedek.hu\/index.php\/wp-json\/wp\/v2\/posts\/357\/revisions\/745"}],"wp:featuredmedia":[{"embeddable":true,"href":"https:\/\/csucshegymenedek.hu\/index.php\/wp-json\/wp\/v2\/media\/557"}],"wp:attachment":[{"href":"https:\/\/csucshegymenedek.hu\/index.php\/wp-json\/wp\/v2\/media?parent=357"}],"wp:term":[{"taxonomy":"category","embeddable":true,"href":"https:\/\/csucshegymenedek.hu\/index.php\/wp-json\/wp\/v2\/categories?post=357"},{"taxonomy":"post_tag","embeddable":true,"href":"https:\/\/csucshegymenedek.hu\/index.php\/wp-json\/wp\/v2\/tags?post=357"}],"curies":[{"name":"wp","href":"https:\/\/api.w.org\/{rel}","templated":true}]}}